{"id":16981,"date":"2023-10-06T11:20:29","date_gmt":"2023-10-06T09:20:29","guid":{"rendered":"https:\/\/essenzediluce.com\/?p=16981"},"modified":"2024-06-06T11:29:58","modified_gmt":"2024-06-06T09:29:58","slug":"leitfaden-gestaltung-garten","status":"publish","type":"post","link":"https:\/\/essenzediluce.com\/de\/leitfaden-gestaltung-garten\/","title":{"rendered":"Leitfaden f\u00fcr die Gestaltung des Au\u00dfenbereichs | Edition &#8216;H\u00e4user und Villen&#8217;"},"content":{"rendered":"<div class=\"wpb-content-wrapper\">[vc_row][vc_column][vc_column_text]\r\n<p style=\"text-align: center;\">Der neue Leitfaden Essenze di Luce f\u00fcr die Au\u00dfengestaltung von H\u00e4usern und Villen ist geboren.\r\nLassen Sie sich von einer Sammlung von Ideen und L\u00f6sungen f\u00fcr die Beleuchtung und Beschallung von Privatg\u00e4rten in verschiedenen architektonischen Stilen inspirieren und entdecken Sie, wie Menhirs einen Raum en plein air einzigartig machen kann!<\/p>\r\n[\/vc_column_text][\/vc_column][\/vc_row][vc_row][vc_column][vc_empty_space height=&#8221;40px&#8221;][vc_btn title=&#8221;LADEN SIE DEN LEITFADEN HERUNTER!&#8221; style=&#8221;classic&#8221; shape=&#8221;square&#8221; color=&#8221;black&#8221; size=&#8221;lg&#8221; align=&#8221;center&#8221; i_icon_fontawesome=&#8221;fas fa-link&#8221; add_icon=&#8221;true&#8221; link=&#8221;url:https%3A%2F%2Fessenzediluce.com%2Fde%2Fleitfaden-ideen-licht-audio-garten%2F|title:Ebook%20Houses%20%26%20Villas&#8221;][vc_empty_space height=&#8221;80px&#8221;][\/vc_column][\/vc_row]<\/div>","protected":false},"excerpt":{"rendered":"<p>[vc_row][vc_column][vc_column_text] Der neue Leitfaden Essenze di Luce f\u00fcr die Au\u00dfengestaltung von H\u00e4usern und Villen ist geboren. Lassen Sie sich von einer Sammlung von Ideen und L\u00f6sungen f\u00fcr die Beleuchtung und Beschallung von Privatg\u00e4rten in verschiedenen architektonischen Stilen inspirieren und entdecken&hellip;<\/p>\n<p> <a class=\"more-link\" href=\"https:\/\/essenzediluce.com\/de\/leitfaden-gestaltung-garten\/\">Weiterlesen<\/a><\/p>\n","protected":false},"author":13,"featured_media":16974,"comment_status":"closed","ping_status":"closed","sticky":false,"template":"","format":"standard","meta":{"footnotes":""},"categories":[91],"tags":[],"class_list":{"0":"post-16981","1":"post","2":"type-post","3":"status-publish","4":"format-standard","5":"has-post-thumbnail","7":"category-unkategorisiert"},"yoast_head":"<!-- This site is optimized with the Yoast SEO plugin v24.5 - https:\/\/yoast.com\/wordpress\/plugins\/seo\/ -->\n<title>Leitfaden-Gartengestaltung | Edition &#039;H\u00e4user und Villen&#039; - Essenze di Luce<\/title>\n<meta name=\"description\" content=\"Eine Sammlung von Ideen und Beleuchtungs- und Beschallungsl\u00f6sungen f\u00fcr private G\u00e4rten, exklusiv von Menhirs - den originalen Essenze di Luce.\" \/>\n<meta name=\"robots\" content=\"index, follow, max-snippet:-1, max-image-preview:large, max-video-preview:-1\" \/>\n<link rel=\"canonical\" href=\"https:\/\/essenzediluce.com\/de\/leitfaden-gestaltung-garten\/\" \/>\n<meta property=\"og:locale\" content=\"de_DE\" \/>\n<meta property=\"og:type\" content=\"article\" \/>\n<meta property=\"og:title\" content=\"Leitfaden-Gartengestaltung | Edition &#039;H\u00e4user und Villen&#039; - Essenze di Luce\" \/>\n<meta property=\"og:description\" content=\"Eine Sammlung von Ideen und Beleuchtungs- und Beschallungsl\u00f6sungen f\u00fcr private G\u00e4rten, exklusiv von Menhirs - den originalen Essenze di Luce.\" \/>\n<meta property=\"og:url\" content=\"https:\/\/essenzediluce.com\/de\/leitfaden-gestaltung-garten\/\" \/>\n<meta property=\"og:site_name\" content=\"Essenze di Luce\" \/>\n<meta property=\"article:publisher\" content=\"https:\/\/www.facebook.com\/essenzediluce.italy\/\" \/>\n<meta property=\"article:published_time\" content=\"2023-10-06T09:20:29+00:00\" \/>\n<meta property=\"article:modified_time\" content=\"2024-06-06T09:29:58+00:00\" \/>\n<meta property=\"og:image\" content=\"https:\/\/essenzediluce.com\/wp-content\/uploads\/2023\/10\/ebook-houses-and-villas-edition_LR-News.jpg\" \/>\n\t<meta property=\"og:image:width\" content=\"600\" \/>\n\t<meta property=\"og:image:height\" content=\"600\" \/>\n\t<meta property=\"og:image:type\" content=\"image\/jpeg\" \/>\n<meta name=\"author\" content=\"Stefania Andreatta\" \/>\n<meta name=\"twitter:card\" content=\"summary_large_image\" \/>\n<meta name=\"twitter:label1\" content=\"Verfasst von\" \/>\n\t<meta name=\"twitter:data1\" content=\"Stefania Andreatta\" \/>\n\t<meta name=\"twitter:label2\" content=\"Gesch\u00e4tzte Lesezeit\" \/>\n\t<meta name=\"twitter:data2\" content=\"1\u00a0Minute\" \/>\n<script type=\"application\/ld+json\" class=\"yoast-schema-graph\">{\"@context\":\"https:\/\/schema.org\",\"@graph\":[{\"@type\":\"Article\",\"@id\":\"https:\/\/essenzediluce.com\/de\/leitfaden-gestaltung-garten\/#article\",\"isPartOf\":{\"@id\":\"https:\/\/essenzediluce.com\/de\/leitfaden-gestaltung-garten\/\"},\"author\":{\"name\":\"Stefania Andreatta\",\"@id\":\"https:\/\/essenzediluce.com\/#\/schema\/person\/e3c19a9a93f302e69f18bc59ee57e9ae\"},\"headline\":\"Leitfaden f\u00fcr die Gestaltung des Au\u00dfenbereichs | Edition &#8216;H\u00e4user und Villen&#8217;\",\"datePublished\":\"2023-10-06T09:20:29+00:00\",\"dateModified\":\"2024-06-06T09:29:58+00:00\",\"mainEntityOfPage\":{\"@id\":\"https:\/\/essenzediluce.com\/de\/leitfaden-gestaltung-garten\/\"},\"wordCount\":141,\"publisher\":{\"@id\":\"https:\/\/essenzediluce.com\/#organization\"},\"image\":{\"@id\":\"https:\/\/essenzediluce.com\/de\/leitfaden-gestaltung-garten\/#primaryimage\"},\"thumbnailUrl\":\"https:\/\/essenzediluce.com\/wp-content\/uploads\/2023\/10\/ebook-houses-and-villas-edition_LR-News.jpg\",\"articleSection\":[\"Unkategorisiert\"],\"inLanguage\":\"de\"},{\"@type\":\"WebPage\",\"@id\":\"https:\/\/essenzediluce.com\/de\/leitfaden-gestaltung-garten\/\",\"url\":\"https:\/\/essenzediluce.com\/de\/leitfaden-gestaltung-garten\/\",\"name\":\"Leitfaden-Gartengestaltung | Edition 'H\u00e4user und Villen' - Essenze di Luce\",\"isPartOf\":{\"@id\":\"https:\/\/essenzediluce.com\/#website\"},\"primaryImageOfPage\":{\"@id\":\"https:\/\/essenzediluce.com\/de\/leitfaden-gestaltung-garten\/#primaryimage\"},\"image\":{\"@id\":\"https:\/\/essenzediluce.com\/de\/leitfaden-gestaltung-garten\/#primaryimage\"},\"thumbnailUrl\":\"https:\/\/essenzediluce.com\/wp-content\/uploads\/2023\/10\/ebook-houses-and-villas-edition_LR-News.jpg\",\"datePublished\":\"2023-10-06T09:20:29+00:00\",\"dateModified\":\"2024-06-06T09:29:58+00:00\",\"description\":\"Eine Sammlung von Ideen und Beleuchtungs- und Beschallungsl\u00f6sungen f\u00fcr private G\u00e4rten, exklusiv von Menhirs - den originalen Essenze di Luce.\",\"breadcrumb\":{\"@id\":\"https:\/\/essenzediluce.com\/de\/leitfaden-gestaltung-garten\/#breadcrumb\"},\"inLanguage\":\"de\",\"potentialAction\":[{\"@type\":\"ReadAction\",\"target\":[\"https:\/\/essenzediluce.com\/de\/leitfaden-gestaltung-garten\/\"]}]},{\"@type\":\"ImageObject\",\"inLanguage\":\"de\",\"@id\":\"https:\/\/essenzediluce.com\/de\/leitfaden-gestaltung-garten\/#primaryimage\",\"url\":\"https:\/\/essenzediluce.com\/wp-content\/uploads\/2023\/10\/ebook-houses-and-villas-edition_LR-News.jpg\",\"contentUrl\":\"https:\/\/essenzediluce.com\/wp-content\/uploads\/2023\/10\/ebook-houses-and-villas-edition_LR-News.jpg\",\"width\":600,\"height\":600,\"caption\":\"guida progettare giardino\"},{\"@type\":\"BreadcrumbList\",\"@id\":\"https:\/\/essenzediluce.com\/de\/leitfaden-gestaltung-garten\/#breadcrumb\",\"itemListElement\":[{\"@type\":\"ListItem\",\"position\":1,\"name\":\"Home\",\"item\":\"https:\/\/essenzediluce.com\/de\/\"},{\"@type\":\"ListItem\",\"position\":2,\"name\":\"Leitfaden f\u00fcr die Gestaltung des Au\u00dfenbereichs | Edition &#8216;H\u00e4user und Villen&#8217;\"}]},{\"@type\":\"WebSite\",\"@id\":\"https:\/\/essenzediluce.com\/#website\",\"url\":\"https:\/\/essenzediluce.com\/\",\"name\":\"Essenze di Luce\",\"description\":\"\",\"publisher\":{\"@id\":\"https:\/\/essenzediluce.com\/#organization\"},\"potentialAction\":[{\"@type\":\"SearchAction\",\"target\":{\"@type\":\"EntryPoint\",\"urlTemplate\":\"https:\/\/essenzediluce.com\/?s={search_term_string}\"},\"query-input\":{\"@type\":\"PropertyValueSpecification\",\"valueRequired\":true,\"valueName\":\"search_term_string\"}}],\"inLanguage\":\"de\"},{\"@type\":\"Organization\",\"@id\":\"https:\/\/essenzediluce.com\/#organization\",\"name\":\"Essenze di Luce\",\"url\":\"https:\/\/essenzediluce.com\/\",\"logo\":{\"@type\":\"ImageObject\",\"inLanguage\":\"de\",\"@id\":\"https:\/\/essenzediluce.com\/#\/schema\/logo\/image\/\",\"url\":\"https:\/\/essenzediluce.com\/wp-content\/uploads\/2017\/03\/el.jpg\",\"contentUrl\":\"https:\/\/essenzediluce.com\/wp-content\/uploads\/2017\/03\/el.jpg\",\"width\":512,\"height\":512,\"caption\":\"Essenze di Luce\"},\"image\":{\"@id\":\"https:\/\/essenzediluce.com\/#\/schema\/logo\/image\/\"},\"sameAs\":[\"https:\/\/www.facebook.com\/essenzediluce.italy\/\",\"https:\/\/www.instagram.com\/essenzediluce\/\",\"https:\/\/www.youtube.com\/channel\/UCXKJKPfUYADaJMEm_9NAvrA\"]},{\"@type\":\"Person\",\"@id\":\"https:\/\/essenzediluce.com\/#\/schema\/person\/e3c19a9a93f302e69f18bc59ee57e9ae\",\"name\":\"Stefania Andreatta\",\"image\":{\"@type\":\"ImageObject\",\"inLanguage\":\"de\",\"@id\":\"https:\/\/essenzediluce.com\/#\/schema\/person\/image\/\",\"url\":\"https:\/\/secure.gravatar.com\/avatar\/fc42118b2b31bd93bebf0178bd06ff25?s=96&d=mm&r=g\",\"contentUrl\":\"https:\/\/secure.gravatar.com\/avatar\/fc42118b2b31bd93bebf0178bd06ff25?s=96&d=mm&r=g\",\"caption\":\"Stefania Andreatta\"},\"url\":\"https:\/\/essenzediluce.com\/de\/author\/marketing_essenzediluce\/\"}]}<\/script>\n<!-- \/ Yoast SEO plugin. -->","yoast_head_json":{"title":"Leitfaden-Gartengestaltung | Edition 'H\u00e4user und Villen' - Essenze di Luce","description":"Eine Sammlung von Ideen und Beleuchtungs- und Beschallungsl\u00f6sungen f\u00fcr private G\u00e4rten, exklusiv von Menhirs - den originalen Essenze di Luce.","robots":{"index":"index","follow":"follow","max-snippet":"max-snippet:-1","max-image-preview":"max-image-preview:large","max-video-preview":"max-video-preview:-1"},"canonical":"https:\/\/essenzediluce.com\/de\/leitfaden-gestaltung-garten\/","og_locale":"de_DE","og_type":"article","og_title":"Leitfaden-Gartengestaltung | Edition 'H\u00e4user und Villen' - Essenze di Luce","og_description":"Eine Sammlung von Ideen und Beleuchtungs- und Beschallungsl\u00f6sungen f\u00fcr private G\u00e4rten, exklusiv von Menhirs - den originalen Essenze di Luce.","og_url":"https:\/\/essenzediluce.com\/de\/leitfaden-gestaltung-garten\/","og_site_name":"Essenze di Luce","article_publisher":"https:\/\/www.facebook.com\/essenzediluce.italy\/","article_published_time":"2023-10-06T09:20:29+00:00","article_modified_time":"2024-06-06T09:29:58+00:00","og_image":[{"width":600,"height":600,"url":"https:\/\/essenzediluce.com\/wp-content\/uploads\/2023\/10\/ebook-houses-and-villas-edition_LR-News.jpg","type":"image\/jpeg"}],"author":"Stefania Andreatta","twitter_card":"summary_large_image","twitter_misc":{"Verfasst von":"Stefania Andreatta","Gesch\u00e4tzte Lesezeit":"1\u00a0Minute"},"schema":{"@context":"https:\/\/schema.org","@graph":[{"@type":"Article","@id":"https:\/\/essenzediluce.com\/de\/leitfaden-gestaltung-garten\/#article","isPartOf":{"@id":"https:\/\/essenzediluce.com\/de\/leitfaden-gestaltung-garten\/"},"author":{"name":"Stefania Andreatta","@id":"https:\/\/essenzediluce.com\/#\/schema\/person\/e3c19a9a93f302e69f18bc59ee57e9ae"},"headline":"Leitfaden f\u00fcr die Gestaltung des Au\u00dfenbereichs | Edition &#8216;H\u00e4user und Villen&#8217;","datePublished":"2023-10-06T09:20:29+00:00","dateModified":"2024-06-06T09:29:58+00:00","mainEntityOfPage":{"@id":"https:\/\/essenzediluce.com\/de\/leitfaden-gestaltung-garten\/"},"wordCount":141,"publisher":{"@id":"https:\/\/essenzediluce.com\/#organization"},"image":{"@id":"https:\/\/essenzediluce.com\/de\/leitfaden-gestaltung-garten\/#primaryimage"},"thumbnailUrl":"https:\/\/essenzediluce.com\/wp-content\/uploads\/2023\/10\/ebook-houses-and-villas-edition_LR-News.jpg","articleSection":["Unkategorisiert"],"inLanguage":"de"},{"@type":"WebPage","@id":"https:\/\/essenzediluce.com\/de\/leitfaden-gestaltung-garten\/","url":"https:\/\/essenzediluce.com\/de\/leitfaden-gestaltung-garten\/","name":"Leitfaden-Gartengestaltung | Edition 'H\u00e4user und Villen' - Essenze di Luce","isPartOf":{"@id":"https:\/\/essenzediluce.com\/#website"},"primaryImageOfPage":{"@id":"https:\/\/essenzediluce.com\/de\/leitfaden-gestaltung-garten\/#primaryimage"},"image":{"@id":"https:\/\/essenzediluce.com\/de\/leitfaden-gestaltung-garten\/#primaryimage"},"thumbnailUrl":"https:\/\/essenzediluce.com\/wp-content\/uploads\/2023\/10\/ebook-houses-and-villas-edition_LR-News.jpg","datePublished":"2023-10-06T09:20:29+00:00","dateModified":"2024-06-06T09:29:58+00:00","description":"Eine Sammlung von Ideen und Beleuchtungs- und Beschallungsl\u00f6sungen f\u00fcr private G\u00e4rten, exklusiv von Menhirs - den originalen Essenze di Luce.","breadcrumb":{"@id":"https:\/\/essenzediluce.com\/de\/leitfaden-gestaltung-garten\/#breadcrumb"},"inLanguage":"de","potentialAction":[{"@type":"ReadAction","target":["https:\/\/essenzediluce.com\/de\/leitfaden-gestaltung-garten\/"]}]},{"@type":"ImageObject","inLanguage":"de","@id":"https:\/\/essenzediluce.com\/de\/leitfaden-gestaltung-garten\/#primaryimage","url":"https:\/\/essenzediluce.com\/wp-content\/uploads\/2023\/10\/ebook-houses-and-villas-edition_LR-News.jpg","contentUrl":"https:\/\/essenzediluce.com\/wp-content\/uploads\/2023\/10\/ebook-houses-and-villas-edition_LR-News.jpg","width":600,"height":600,"caption":"guida progettare giardino"},{"@type":"BreadcrumbList","@id":"https:\/\/essenzediluce.com\/de\/leitfaden-gestaltung-garten\/#breadcrumb","itemListElement":[{"@type":"ListItem","position":1,"name":"Home","item":"https:\/\/essenzediluce.com\/de\/"},{"@type":"ListItem","position":2,"name":"Leitfaden f\u00fcr die Gestaltung des Au\u00dfenbereichs | Edition &#8216;H\u00e4user und Villen&#8217;"}]},{"@type":"WebSite","@id":"https:\/\/essenzediluce.com\/#website","url":"https:\/\/essenzediluce.com\/","name":"Essenze di Luce","description":"","publisher":{"@id":"https:\/\/essenzediluce.com\/#organization"},"potentialAction":[{"@type":"SearchAction","target":{"@type":"EntryPoint","urlTemplate":"https:\/\/essenzediluce.com\/?s={search_term_string}"},"query-input":{"@type":"PropertyValueSpecification","valueRequired":true,"valueName":"search_term_string"}}],"inLanguage":"de"},{"@type":"Organization","@id":"https:\/\/essenzediluce.com\/#organization","name":"Essenze di Luce","url":"https:\/\/essenzediluce.com\/","logo":{"@type":"ImageObject","inLanguage":"de","@id":"https:\/\/essenzediluce.com\/#\/schema\/logo\/image\/","url":"https:\/\/essenzediluce.com\/wp-content\/uploads\/2017\/03\/el.jpg","contentUrl":"https:\/\/essenzediluce.com\/wp-content\/uploads\/2017\/03\/el.jpg","width":512,"height":512,"caption":"Essenze di Luce"},"image":{"@id":"https:\/\/essenzediluce.com\/#\/schema\/logo\/image\/"},"sameAs":["https:\/\/www.facebook.com\/essenzediluce.italy\/","https:\/\/www.instagram.com\/essenzediluce\/","https:\/\/www.youtube.com\/channel\/UCXKJKPfUYADaJMEm_9NAvrA"]},{"@type":"Person","@id":"https:\/\/essenzediluce.com\/#\/schema\/person\/e3c19a9a93f302e69f18bc59ee57e9ae","name":"Stefania Andreatta","image":{"@type":"ImageObject","inLanguage":"de","@id":"https:\/\/essenzediluce.com\/#\/schema\/person\/image\/","url":"https:\/\/secure.gravatar.com\/avatar\/fc42118b2b31bd93bebf0178bd06ff25?s=96&d=mm&r=g","contentUrl":"https:\/\/secure.gravatar.com\/avatar\/fc42118b2b31bd93bebf0178bd06ff25?s=96&d=mm&r=g","caption":"Stefania Andreatta"},"url":"https:\/\/essenzediluce.com\/de\/author\/marketing_essenzediluce\/"}]}},"_links":{"self":[{"href":"https:\/\/essenzediluce.com\/de\/wp-json\/wp\/v2\/posts\/16981"}],"collection":[{"href":"https:\/\/essenzediluce.com\/de\/wp-json\/wp\/v2\/posts"}],"about":[{"href":"https:\/\/essenzediluce.com\/de\/wp-json\/wp\/v2\/types\/post"}],"author":[{"embeddable":true,"href":"https:\/\/essenzediluce.com\/de\/wp-json\/wp\/v2\/users\/13"}],"replies":[{"embeddable":true,"href":"https:\/\/essenzediluce.com\/de\/wp-json\/wp\/v2\/comments?post=16981"}],"version-history":[{"count":2,"href":"https:\/\/essenzediluce.com\/de\/wp-json\/wp\/v2\/posts\/16981\/revisions"}],"predecessor-version":[{"id":18808,"href":"https:\/\/essenzediluce.com\/de\/wp-json\/wp\/v2\/posts\/16981\/revisions\/18808"}],"wp:featuredmedia":[{"embeddable":true,"href":"https:\/\/essenzediluce.com\/de\/wp-json\/wp\/v2\/media\/16974"}],"wp:attachment":[{"href":"https:\/\/essenzediluce.com\/de\/wp-json\/wp\/v2\/media?parent=16981"}],"wp:term":[{"taxonomy":"category","embeddable":true,"href":"https:\/\/essenzediluce.com\/de\/wp-json\/wp\/v2\/categories?post=16981"},{"taxonomy":"post_tag","embeddable":true,"href":"https:\/\/essenzediluce.com\/de\/wp-json\/wp\/v2\/tags?post=16981"}],"curies":[{"name":"wp","href":"https:\/\/api.w.org\/{rel}","templated":true}]}}