{"id":19826,"date":"2024-09-04T10:05:38","date_gmt":"2024-09-04T08:05:38","guid":{"rendered":"https:\/\/essenzediluce.com\/?p=19826"},"modified":"2024-09-04T10:21:18","modified_gmt":"2024-09-04T08:21:18","slug":"galabau-11-14-09-2024-nuremberg-allemagne","status":"publish","type":"post","link":"https:\/\/essenzediluce.com\/fr\/galabau-11-14-09-2024-nuremberg-allemagne\/","title":{"rendered":"Galabau 11-14\/09\/2024@ Nuremberg, Allemagne"},"content":{"rendered":"<div class=\"wpb-content-wrapper\">[vc_row][vc_column][vc_single_image image=&#8221;19814&#8243; img_size=&#8221;1500&#215;500&#8243; alignment=&#8221;center&#8221;][\/vc_column][\/vc_row][vc_row][vc_column][vc_column_text]\r\n<h1 style=\"text-align: center;\">GaLaBau 2024 | 11-14 Septembre, Nuremberg<\/h1>\r\nNous serons pr\u00e9sents au salon international biennal enti\u00e8rement consacr\u00e9 au secteur du jardinage et de l&#8217;am\u00e9nagement paysager, pr\u00e9sentant dans 14 halls d&#8217;exposition toute la gamme de produits et de services pour la conception, la construction et l&#8217;entretien des espaces urbains, verts et ouverts.\r\n\r\nNous vous attendons pour vous pr\u00e9senter <strong>notre architecture de jardin lumineuse et nos solutions de divertissement en plein air.<\/strong>\r\n<h3><strong>HALL 4 STAND 4-515\r\n<\/strong><strong>Exhibition Centre Nuremberg\r\n<\/strong><strong>Du 11 au 14 Septembre 2024\u00a0<\/strong><\/h3>\r\n<strong><a href=\"mailto:marketing@essenzediluce.com?subject=&quot;GaLaBau\"><span style=\"text-decoration: underline;\">Contactez-nous<\/span><\/a><\/strong> pour plus d&#8217;informations ou pour prendre rendez-vous sur le salon ![\/vc_column_text][\/vc_column][\/vc_row]<\/div>","protected":false},"excerpt":{"rendered":"<p>[vc_row][vc_column][vc_single_image image=&#8221;19814&#8243; img_size=&#8221;1500&#215;500&#8243; alignment=&#8221;center&#8221;][\/vc_column][\/vc_row][vc_row][vc_column][vc_column_text] GaLaBau 2024 | 11-14 Septembre, Nuremberg Nous serons pr\u00e9sents au salon international biennal enti\u00e8rement consacr\u00e9 au secteur du jardinage et de l&#8217;am\u00e9nagement paysager, pr\u00e9sentant dans 14 halls d&#8217;exposition toute la gamme de produits et de services&hellip;<\/p>\n<p> <a class=\"more-link\" href=\"https:\/\/essenzediluce.com\/fr\/galabau-11-14-09-2024-nuremberg-allemagne\/\">Lire la suite<\/a><\/p>\n","protected":false},"author":13,"featured_media":19819,"comment_status":"closed","ping_status":"closed","sticky":false,"template":"","format":"standard","meta":{"footnotes":""},"categories":[90],"tags":[],"class_list":{"0":"post-19826","1":"post","2":"type-post","3":"status-publish","4":"format-standard","5":"has-post-thumbnail","7":"category-non-classifiee"},"yoast_head":"<!-- This site is optimized with the Yoast SEO plugin v24.5 - https:\/\/yoast.com\/wordpress\/plugins\/seo\/ -->\n<title>Galabau 11-14\/09\/2024@ Nuremberg, Allemagne - Essenze di Luce<\/title>\n<meta name=\"description\" content=\"Nous vous attendons au GaLaBau 2024 du 11 au 14 septembre au parc des expositions de Nuremberg, en Allemagne.\" \/>\n<meta name=\"robots\" content=\"index, follow, max-snippet:-1, max-image-preview:large, max-video-preview:-1\" \/>\n<link rel=\"canonical\" href=\"https:\/\/essenzediluce.com\/fr\/galabau-11-14-09-2024-nuremberg-allemagne\/\" \/>\n<meta property=\"og:locale\" content=\"fr_FR\" \/>\n<meta property=\"og:type\" content=\"article\" \/>\n<meta property=\"og:title\" content=\"Galabau 11-14\/09\/2024@ Nuremberg, Allemagne - Essenze di Luce\" \/>\n<meta property=\"og:description\" content=\"Nous vous attendons au GaLaBau 2024 du 11 au 14 septembre au parc des expositions de Nuremberg, en Allemagne.\" \/>\n<meta property=\"og:url\" content=\"https:\/\/essenzediluce.com\/fr\/galabau-11-14-09-2024-nuremberg-allemagne\/\" \/>\n<meta property=\"og:site_name\" content=\"Essenze di Luce\" \/>\n<meta property=\"article:publisher\" content=\"https:\/\/www.facebook.com\/essenzediluce.italy\/\" \/>\n<meta property=\"article:published_time\" content=\"2024-09-04T08:05:38+00:00\" \/>\n<meta property=\"article:modified_time\" content=\"2024-09-04T08:21:18+00:00\" \/>\n<meta property=\"og:image\" content=\"https:\/\/essenzediluce.com\/wp-content\/uploads\/2024\/09\/EL-GaLaBau-2024-WEBSITE-NEWS-Img-in-evidenza.jpg\" \/>\n\t<meta property=\"og:image:width\" content=\"400\" \/>\n\t<meta property=\"og:image:height\" content=\"400\" \/>\n\t<meta property=\"og:image:type\" content=\"image\/jpeg\" \/>\n<meta name=\"author\" content=\"Stefania Andreatta\" \/>\n<meta name=\"twitter:card\" content=\"summary_large_image\" \/>\n<meta name=\"twitter:label1\" content=\"\u00c9crit par\" \/>\n\t<meta name=\"twitter:data1\" content=\"Stefania Andreatta\" \/>\n\t<meta name=\"twitter:label2\" content=\"Dur\u00e9e de lecture estim\u00e9e\" \/>\n\t<meta name=\"twitter:data2\" content=\"1 minute\" \/>\n<script type=\"application\/ld+json\" class=\"yoast-schema-graph\">{\"@context\":\"https:\/\/schema.org\",\"@graph\":[{\"@type\":\"Article\",\"@id\":\"https:\/\/essenzediluce.com\/fr\/galabau-11-14-09-2024-nuremberg-allemagne\/#article\",\"isPartOf\":{\"@id\":\"https:\/\/essenzediluce.com\/fr\/galabau-11-14-09-2024-nuremberg-allemagne\/\"},\"author\":{\"name\":\"Stefania Andreatta\",\"@id\":\"https:\/\/essenzediluce.com\/#\/schema\/person\/e3c19a9a93f302e69f18bc59ee57e9ae\"},\"headline\":\"Galabau 11-14\/09\/2024@ Nuremberg, Allemagne\",\"datePublished\":\"2024-09-04T08:05:38+00:00\",\"dateModified\":\"2024-09-04T08:21:18+00:00\",\"mainEntityOfPage\":{\"@id\":\"https:\/\/essenzediluce.com\/fr\/galabau-11-14-09-2024-nuremberg-allemagne\/\"},\"wordCount\":125,\"publisher\":{\"@id\":\"https:\/\/essenzediluce.com\/#organization\"},\"image\":{\"@id\":\"https:\/\/essenzediluce.com\/fr\/galabau-11-14-09-2024-nuremberg-allemagne\/#primaryimage\"},\"thumbnailUrl\":\"https:\/\/essenzediluce.com\/wp-content\/uploads\/2024\/09\/EL-GaLaBau-2024-WEBSITE-NEWS-Img-in-evidenza.jpg\",\"articleSection\":[\"Non classifi\u00e9(e)\"],\"inLanguage\":\"fr-FR\"},{\"@type\":\"WebPage\",\"@id\":\"https:\/\/essenzediluce.com\/fr\/galabau-11-14-09-2024-nuremberg-allemagne\/\",\"url\":\"https:\/\/essenzediluce.com\/fr\/galabau-11-14-09-2024-nuremberg-allemagne\/\",\"name\":\"Galabau 11-14\/09\/2024@ Nuremberg, Allemagne - Essenze di Luce\",\"isPartOf\":{\"@id\":\"https:\/\/essenzediluce.com\/#website\"},\"primaryImageOfPage\":{\"@id\":\"https:\/\/essenzediluce.com\/fr\/galabau-11-14-09-2024-nuremberg-allemagne\/#primaryimage\"},\"image\":{\"@id\":\"https:\/\/essenzediluce.com\/fr\/galabau-11-14-09-2024-nuremberg-allemagne\/#primaryimage\"},\"thumbnailUrl\":\"https:\/\/essenzediluce.com\/wp-content\/uploads\/2024\/09\/EL-GaLaBau-2024-WEBSITE-NEWS-Img-in-evidenza.jpg\",\"datePublished\":\"2024-09-04T08:05:38+00:00\",\"dateModified\":\"2024-09-04T08:21:18+00:00\",\"description\":\"Nous vous attendons au GaLaBau 2024 du 11 au 14 septembre au parc des expositions de Nuremberg, en Allemagne.\",\"breadcrumb\":{\"@id\":\"https:\/\/essenzediluce.com\/fr\/galabau-11-14-09-2024-nuremberg-allemagne\/#breadcrumb\"},\"inLanguage\":\"fr-FR\",\"potentialAction\":[{\"@type\":\"ReadAction\",\"target\":[\"https:\/\/essenzediluce.com\/fr\/galabau-11-14-09-2024-nuremberg-allemagne\/\"]}]},{\"@type\":\"ImageObject\",\"inLanguage\":\"fr-FR\",\"@id\":\"https:\/\/essenzediluce.com\/fr\/galabau-11-14-09-2024-nuremberg-allemagne\/#primaryimage\",\"url\":\"https:\/\/essenzediluce.com\/wp-content\/uploads\/2024\/09\/EL-GaLaBau-2024-WEBSITE-NEWS-Img-in-evidenza.jpg\",\"contentUrl\":\"https:\/\/essenzediluce.com\/wp-content\/uploads\/2024\/09\/EL-GaLaBau-2024-WEBSITE-NEWS-Img-in-evidenza.jpg\",\"width\":400,\"height\":400},{\"@type\":\"BreadcrumbList\",\"@id\":\"https:\/\/essenzediluce.com\/fr\/galabau-11-14-09-2024-nuremberg-allemagne\/#breadcrumb\",\"itemListElement\":[{\"@type\":\"ListItem\",\"position\":1,\"name\":\"Home\",\"item\":\"https:\/\/essenzediluce.com\/fr\/\"},{\"@type\":\"ListItem\",\"position\":2,\"name\":\"Galabau 11-14\/09\/2024@ Nuremberg, Allemagne\"}]},{\"@type\":\"WebSite\",\"@id\":\"https:\/\/essenzediluce.com\/#website\",\"url\":\"https:\/\/essenzediluce.com\/\",\"name\":\"Essenze di Luce\",\"description\":\"\",\"publisher\":{\"@id\":\"https:\/\/essenzediluce.com\/#organization\"},\"potentialAction\":[{\"@type\":\"SearchAction\",\"target\":{\"@type\":\"EntryPoint\",\"urlTemplate\":\"https:\/\/essenzediluce.com\/?s={search_term_string}\"},\"query-input\":{\"@type\":\"PropertyValueSpecification\",\"valueRequired\":true,\"valueName\":\"search_term_string\"}}],\"inLanguage\":\"fr-FR\"},{\"@type\":\"Organization\",\"@id\":\"https:\/\/essenzediluce.com\/#organization\",\"name\":\"Essenze di Luce\",\"url\":\"https:\/\/essenzediluce.com\/\",\"logo\":{\"@type\":\"ImageObject\",\"inLanguage\":\"fr-FR\",\"@id\":\"https:\/\/essenzediluce.com\/#\/schema\/logo\/image\/\",\"url\":\"https:\/\/essenzediluce.com\/wp-content\/uploads\/2017\/03\/el.jpg\",\"contentUrl\":\"https:\/\/essenzediluce.com\/wp-content\/uploads\/2017\/03\/el.jpg\",\"width\":512,\"height\":512,\"caption\":\"Essenze di Luce\"},\"image\":{\"@id\":\"https:\/\/essenzediluce.com\/#\/schema\/logo\/image\/\"},\"sameAs\":[\"https:\/\/www.facebook.com\/essenzediluce.italy\/\",\"https:\/\/www.instagram.com\/essenzediluce\/\",\"https:\/\/www.youtube.com\/channel\/UCXKJKPfUYADaJMEm_9NAvrA\"]},{\"@type\":\"Person\",\"@id\":\"https:\/\/essenzediluce.com\/#\/schema\/person\/e3c19a9a93f302e69f18bc59ee57e9ae\",\"name\":\"Stefania Andreatta\",\"image\":{\"@type\":\"ImageObject\",\"inLanguage\":\"fr-FR\",\"@id\":\"https:\/\/essenzediluce.com\/#\/schema\/person\/image\/\",\"url\":\"https:\/\/secure.gravatar.com\/avatar\/fc42118b2b31bd93bebf0178bd06ff25?s=96&d=mm&r=g\",\"contentUrl\":\"https:\/\/secure.gravatar.com\/avatar\/fc42118b2b31bd93bebf0178bd06ff25?s=96&d=mm&r=g\",\"caption\":\"Stefania Andreatta\"},\"url\":\"https:\/\/essenzediluce.com\/fr\/author\/marketing_essenzediluce\/\"}]}<\/script>\n<!-- \/ Yoast SEO plugin. -->","yoast_head_json":{"title":"Galabau 11-14\/09\/2024@ Nuremberg, Allemagne - Essenze di Luce","description":"Nous vous attendons au GaLaBau 2024 du 11 au 14 septembre au parc des expositions de Nuremberg, en Allemagne.","robots":{"index":"index","follow":"follow","max-snippet":"max-snippet:-1","max-image-preview":"max-image-preview:large","max-video-preview":"max-video-preview:-1"},"canonical":"https:\/\/essenzediluce.com\/fr\/galabau-11-14-09-2024-nuremberg-allemagne\/","og_locale":"fr_FR","og_type":"article","og_title":"Galabau 11-14\/09\/2024@ Nuremberg, Allemagne - Essenze di Luce","og_description":"Nous vous attendons au GaLaBau 2024 du 11 au 14 septembre au parc des expositions de Nuremberg, en Allemagne.","og_url":"https:\/\/essenzediluce.com\/fr\/galabau-11-14-09-2024-nuremberg-allemagne\/","og_site_name":"Essenze di Luce","article_publisher":"https:\/\/www.facebook.com\/essenzediluce.italy\/","article_published_time":"2024-09-04T08:05:38+00:00","article_modified_time":"2024-09-04T08:21:18+00:00","og_image":[{"width":400,"height":400,"url":"https:\/\/essenzediluce.com\/wp-content\/uploads\/2024\/09\/EL-GaLaBau-2024-WEBSITE-NEWS-Img-in-evidenza.jpg","type":"image\/jpeg"}],"author":"Stefania Andreatta","twitter_card":"summary_large_image","twitter_misc":{"\u00c9crit par":"Stefania Andreatta","Dur\u00e9e de lecture estim\u00e9e":"1 minute"},"schema":{"@context":"https:\/\/schema.org","@graph":[{"@type":"Article","@id":"https:\/\/essenzediluce.com\/fr\/galabau-11-14-09-2024-nuremberg-allemagne\/#article","isPartOf":{"@id":"https:\/\/essenzediluce.com\/fr\/galabau-11-14-09-2024-nuremberg-allemagne\/"},"author":{"name":"Stefania Andreatta","@id":"https:\/\/essenzediluce.com\/#\/schema\/person\/e3c19a9a93f302e69f18bc59ee57e9ae"},"headline":"Galabau 11-14\/09\/2024@ Nuremberg, Allemagne","datePublished":"2024-09-04T08:05:38+00:00","dateModified":"2024-09-04T08:21:18+00:00","mainEntityOfPage":{"@id":"https:\/\/essenzediluce.com\/fr\/galabau-11-14-09-2024-nuremberg-allemagne\/"},"wordCount":125,"publisher":{"@id":"https:\/\/essenzediluce.com\/#organization"},"image":{"@id":"https:\/\/essenzediluce.com\/fr\/galabau-11-14-09-2024-nuremberg-allemagne\/#primaryimage"},"thumbnailUrl":"https:\/\/essenzediluce.com\/wp-content\/uploads\/2024\/09\/EL-GaLaBau-2024-WEBSITE-NEWS-Img-in-evidenza.jpg","articleSection":["Non classifi\u00e9(e)"],"inLanguage":"fr-FR"},{"@type":"WebPage","@id":"https:\/\/essenzediluce.com\/fr\/galabau-11-14-09-2024-nuremberg-allemagne\/","url":"https:\/\/essenzediluce.com\/fr\/galabau-11-14-09-2024-nuremberg-allemagne\/","name":"Galabau 11-14\/09\/2024@ Nuremberg, Allemagne - Essenze di Luce","isPartOf":{"@id":"https:\/\/essenzediluce.com\/#website"},"primaryImageOfPage":{"@id":"https:\/\/essenzediluce.com\/fr\/galabau-11-14-09-2024-nuremberg-allemagne\/#primaryimage"},"image":{"@id":"https:\/\/essenzediluce.com\/fr\/galabau-11-14-09-2024-nuremberg-allemagne\/#primaryimage"},"thumbnailUrl":"https:\/\/essenzediluce.com\/wp-content\/uploads\/2024\/09\/EL-GaLaBau-2024-WEBSITE-NEWS-Img-in-evidenza.jpg","datePublished":"2024-09-04T08:05:38+00:00","dateModified":"2024-09-04T08:21:18+00:00","description":"Nous vous attendons au GaLaBau 2024 du 11 au 14 septembre au parc des expositions de Nuremberg, en Allemagne.","breadcrumb":{"@id":"https:\/\/essenzediluce.com\/fr\/galabau-11-14-09-2024-nuremberg-allemagne\/#breadcrumb"},"inLanguage":"fr-FR","potentialAction":[{"@type":"ReadAction","target":["https:\/\/essenzediluce.com\/fr\/galabau-11-14-09-2024-nuremberg-allemagne\/"]}]},{"@type":"ImageObject","inLanguage":"fr-FR","@id":"https:\/\/essenzediluce.com\/fr\/galabau-11-14-09-2024-nuremberg-allemagne\/#primaryimage","url":"https:\/\/essenzediluce.com\/wp-content\/uploads\/2024\/09\/EL-GaLaBau-2024-WEBSITE-NEWS-Img-in-evidenza.jpg","contentUrl":"https:\/\/essenzediluce.com\/wp-content\/uploads\/2024\/09\/EL-GaLaBau-2024-WEBSITE-NEWS-Img-in-evidenza.jpg","width":400,"height":400},{"@type":"BreadcrumbList","@id":"https:\/\/essenzediluce.com\/fr\/galabau-11-14-09-2024-nuremberg-allemagne\/#breadcrumb","itemListElement":[{"@type":"ListItem","position":1,"name":"Home","item":"https:\/\/essenzediluce.com\/fr\/"},{"@type":"ListItem","position":2,"name":"Galabau 11-14\/09\/2024@ Nuremberg, Allemagne"}]},{"@type":"WebSite","@id":"https:\/\/essenzediluce.com\/#website","url":"https:\/\/essenzediluce.com\/","name":"Essenze di Luce","description":"","publisher":{"@id":"https:\/\/essenzediluce.com\/#organization"},"potentialAction":[{"@type":"SearchAction","target":{"@type":"EntryPoint","urlTemplate":"https:\/\/essenzediluce.com\/?s={search_term_string}"},"query-input":{"@type":"PropertyValueSpecification","valueRequired":true,"valueName":"search_term_string"}}],"inLanguage":"fr-FR"},{"@type":"Organization","@id":"https:\/\/essenzediluce.com\/#organization","name":"Essenze di Luce","url":"https:\/\/essenzediluce.com\/","logo":{"@type":"ImageObject","inLanguage":"fr-FR","@id":"https:\/\/essenzediluce.com\/#\/schema\/logo\/image\/","url":"https:\/\/essenzediluce.com\/wp-content\/uploads\/2017\/03\/el.jpg","contentUrl":"https:\/\/essenzediluce.com\/wp-content\/uploads\/2017\/03\/el.jpg","width":512,"height":512,"caption":"Essenze di Luce"},"image":{"@id":"https:\/\/essenzediluce.com\/#\/schema\/logo\/image\/"},"sameAs":["https:\/\/www.facebook.com\/essenzediluce.italy\/","https:\/\/www.instagram.com\/essenzediluce\/","https:\/\/www.youtube.com\/channel\/UCXKJKPfUYADaJMEm_9NAvrA"]},{"@type":"Person","@id":"https:\/\/essenzediluce.com\/#\/schema\/person\/e3c19a9a93f302e69f18bc59ee57e9ae","name":"Stefania Andreatta","image":{"@type":"ImageObject","inLanguage":"fr-FR","@id":"https:\/\/essenzediluce.com\/#\/schema\/person\/image\/","url":"https:\/\/secure.gravatar.com\/avatar\/fc42118b2b31bd93bebf0178bd06ff25?s=96&d=mm&r=g","contentUrl":"https:\/\/secure.gravatar.com\/avatar\/fc42118b2b31bd93bebf0178bd06ff25?s=96&d=mm&r=g","caption":"Stefania Andreatta"},"url":"https:\/\/essenzediluce.com\/fr\/author\/marketing_essenzediluce\/"}]}},"_links":{"self":[{"href":"https:\/\/essenzediluce.com\/fr\/wp-json\/wp\/v2\/posts\/19826"}],"collection":[{"href":"https:\/\/essenzediluce.com\/fr\/wp-json\/wp\/v2\/posts"}],"about":[{"href":"https:\/\/essenzediluce.com\/fr\/wp-json\/wp\/v2\/types\/post"}],"author":[{"embeddable":true,"href":"https:\/\/essenzediluce.com\/fr\/wp-json\/wp\/v2\/users\/13"}],"replies":[{"embeddable":true,"href":"https:\/\/essenzediluce.com\/fr\/wp-json\/wp\/v2\/comments?post=19826"}],"version-history":[{"count":3,"href":"https:\/\/essenzediluce.com\/fr\/wp-json\/wp\/v2\/posts\/19826\/revisions"}],"predecessor-version":[{"id":19833,"href":"https:\/\/essenzediluce.com\/fr\/wp-json\/wp\/v2\/posts\/19826\/revisions\/19833"}],"wp:featuredmedia":[{"embeddable":true,"href":"https:\/\/essenzediluce.com\/fr\/wp-json\/wp\/v2\/media\/19819"}],"wp:attachment":[{"href":"https:\/\/essenzediluce.com\/fr\/wp-json\/wp\/v2\/media?parent=19826"}],"wp:term":[{"taxonomy":"category","embeddable":true,"href":"https:\/\/essenzediluce.com\/fr\/wp-json\/wp\/v2\/categories?post=19826"},{"taxonomy":"post_tag","embeddable":true,"href":"https:\/\/essenzediluce.com\/fr\/wp-json\/wp\/v2\/tags?post=19826"}],"curies":[{"name":"wp","href":"https:\/\/api.w.org\/{rel}","templated":true}]}}