{"id":23001,"date":"2026-01-27T08:34:15","date_gmt":"2026-01-27T07:34:15","guid":{"rendered":"https:\/\/essenzediluce.com\/?p=23001"},"modified":"2026-01-27T09:04:54","modified_gmt":"2026-01-27T08:04:54","slug":"trois-nouvelles-collections","status":"publish","type":"post","link":"https:\/\/essenzediluce.com\/fr\/trois-nouvelles-collections\/","title":{"rendered":"Trois collections qui racontent qui nous sommes aujourd&#8217;hui"},"content":{"rendered":"<div class=\"wpb-content-wrapper\">[vc_row][vc_column][vc_empty_space][vc_column_text css=&#8221;&#8221;]\r\n<h1 style=\"text-align: center;\">Trois collections qui racontent qui nous sommes aujourd&#8217;hui<\/h1>\r\n[\/vc_column_text][vc_column_text css=&#8221;&#8221;]\r\n<h3 style=\"text-align: center;\">Nous \u00e9voluons. Nos collections racontent qui nous sommes aujourd&#8217;hui et comment nous interpr\u00e9tons l&#8217;ext\u00e9rieur \u00e0 travers des objets qui allient lumi\u00e8re, son et pierre en harmonie avec l&#8217;architecture et la nature, pour des espaces ext\u00e9rieurs toujours plus exclusifs.<\/h3>\r\n[\/vc_column_text][\/vc_column][\/vc_row][vc_row][vc_column][vc_column_text css=&#8221;&#8221;]Depuis plus d&#8217;une d\u00e9cennie, nous transformons la pierre en exp\u00e9riences sensorielles, o\u00f9 la lumi\u00e8re et le son dialoguent avec l&#8217;environnement. Aujourd&#8217;hui, nos collections se d\u00e9finissent avec clart\u00e9 et force, afin de mieux raconter qui nous sommes et d&#8217;accompagner les architectes, les designers et les passionn\u00e9s dans la cr\u00e9ation d&#8217;espaces ext\u00e9rieurs uniques et durables.[\/vc_column_text][\/vc_column][\/vc_row][vc_row full_width=&#8221;stretch_row&#8221; css=&#8221;.vc_custom_1768307088050{margin-bottom: 25px !important;background-color: #EEEEEE !important;}&#8221;][vc_column][vc_column_text css=&#8221;&#8221;]\r\n<h1 style=\"text-align: center;\"><strong>COLLECTION ATMOSPHERE<\/strong><\/h1>\r\n[\/vc_column_text][vc_row_inner][vc_column_inner width=&#8221;1\/2&#8243;][vc_single_image image=&#8221;22572&#8243; img_size=&#8221;full&#8221; alignment=&#8221;center&#8221; onclick=&#8221;custom_link&#8221; css=&#8221;&#8221; link=&#8221;https:\/\/essenzediluce.com\/fr\/collection-atmosphere\/&#8221;][\/vc_column_inner][vc_column_inner width=&#8221;1\/2&#8243;][vc_column_text css=&#8221;&#8221;]\r\n<h2><em>Atmosph\u00e8re<\/em>, c&#8217;est la lumi\u00e8re qui \u00e9meut.<\/h2>\r\nAvec la forme naturelle du marbre travaill\u00e9 \u00e0 la main, ces lampes mod\u00e8lent l&#8217;espace ext\u00e9rieur gr\u00e2ce \u00e0 une lumi\u00e8re d\u00e9licate, cr\u00e9ant des ambiances suggestives qui dialoguent avec le paysage et l&#8217;architecture. C&#8217;est notre interpr\u00e9tation la plus embl\u00e9matique de l&#8217;ext\u00e9rieur, une exp\u00e9rience sensorielle intemporelle.[\/vc_column_text][\/vc_column_inner][\/vc_row_inner][vc_btn title=&#8221;D\u00c9COUVREZ LA COLLECTION ATMOSPHERE&#8221; style=&#8221;flat&#8221; color=&#8221;chino&#8221; align=&#8221;center&#8221; i_icon_fontawesome=&#8221;fas fa-arrow-right&#8221; css=&#8221;&#8221; add_icon=&#8221;true&#8221; link=&#8221;url:https%3A%2F%2Fessenzediluce.com%2Ffr%2Fcollection-atmosphere%2F|title:Collection%20Atmosph%C3%A9re&#8221;][\/vc_column][\/vc_row][vc_row full_width=&#8221;stretch_row&#8221; css=&#8221;.vc_custom_1768307088050{margin-bottom: 25px !important;background-color: #EEEEEE !important;}&#8221;][vc_column][vc_column_text css=&#8221;&#8221;]\r\n<h1 style=\"text-align: center;\"><strong>COLLECTION ESSENTIELLE<\/strong><\/h1>\r\n[\/vc_column_text][vc_row_inner][vc_column_inner width=&#8221;1\/2&#8243;][vc_single_image image=&#8221;22576&#8243; img_size=&#8221;full&#8221; alignment=&#8221;center&#8221; onclick=&#8221;custom_link&#8221; css=&#8221;&#8221; link=&#8221;https:\/\/essenzediluce.com\/fr\/collection-essentielle\/&#8221;][\/vc_column_inner][vc_column_inner width=&#8221;1\/2&#8243;][vc_column_text css=&#8221;&#8221;]\r\n<h2><em>Essentielle<\/em>\u00a0place l&#8217;\u00e9clairage technique au c\u0153ur du projet d&#8217;ext\u00e9rieur.<\/h2>\r\nDes lampes compactes et puissantes, con\u00e7ues pour r\u00e9pondre aux exigences contemporaines en mati\u00e8re de conception, guidant la lumi\u00e8re avec pr\u00e9cision sans renoncer \u00e0 la beaut\u00e9 et au design. Cette collection apporte l&#8217;\u00e9l\u00e9gance artisanale dans une dimension technique, o\u00f9 la fonctionnalit\u00e9 s&#8217;allie au marbre travaill\u00e9.[\/vc_column_text][\/vc_column_inner][\/vc_row_inner][vc_btn title=&#8221;D\u00c9COUVREZ LA COLLECTION ESSENTIELLE&#8221; style=&#8221;flat&#8221; color=&#8221;white&#8221; align=&#8221;center&#8221; i_icon_fontawesome=&#8221;fas fa-arrow-right&#8221; css=&#8221;&#8221; add_icon=&#8221;true&#8221; link=&#8221;url:https%3A%2F%2Fessenzediluce.com%2Ffr%2Fcollection-essentielle%2F|title:Collection%20Essentielle&#8221;][\/vc_column][\/vc_row][vc_row full_width=&#8221;stretch_row&#8221; css=&#8221;.vc_custom_1768307088050{margin-bottom: 25px !important;background-color: #EEEEEE !important;}&#8221;][vc_column][vc_column_text css=&#8221;&#8221;]\r\n<h1 style=\"text-align: center;\"><strong>COLLECTION AUDIO<\/strong><\/h1>\r\n[\/vc_column_text][vc_row_inner][vc_column_inner width=&#8221;1\/2&#8243;][vc_single_image image=&#8221;22580&#8243; img_size=&#8221;full&#8221; alignment=&#8221;center&#8221; onclick=&#8221;custom_link&#8221; css=&#8221;&#8221; link=&#8221;https:\/\/essenzediluce.com\/fr\/collection-audio\/&#8221;][\/vc_column_inner][vc_column_inner width=&#8221;1\/2&#8243;][vc_column_text css=&#8221;&#8221;]\r\n<h2>Les haut-parleurs de la <em>Collection Audio<\/em> transforment le jardin en un espace exclusif fait de lumi\u00e8re et de son.<\/h2>\r\nLa luminaire d&#8217;ambiance s&#8217;allume au coucher du soleil, le son enveloppe l&#8217;espace, la beaut\u00e9 des blocs de marbre s&#8217;int\u00e8gre parfaitement \u00e0 l&#8217;environnement, cr\u00e9ant des espaces con\u00e7us pour ceux qui savent appr\u00e9cier chaque d\u00e9tail, pour une exp\u00e9rience immersive en plein air.[\/vc_column_text][\/vc_column_inner][\/vc_row_inner][vc_btn title=&#8221;D\u00c9COUVREZ LA COLLECTION AUDIO&#8221; style=&#8221;flat&#8221; color=&#8221;black&#8221; align=&#8221;center&#8221; i_icon_fontawesome=&#8221;fas fa-arrow-right&#8221; css=&#8221;&#8221; add_icon=&#8221;true&#8221; link=&#8221;url:https%3A%2F%2Fessenzediluce.com%2Ffr%2Fcollection-audio%2F|title:Collection%20Audio&#8221;][\/vc_column][\/vc_row][vc_row][vc_column width=&#8221;1\/6&#8243;][\/vc_column][vc_column width=&#8221;2\/3&#8243;][vc_column_text css=&#8221;&#8221;]Chaque produit est issu de la pierre, travaill\u00e9e \u00e0 la main dans notre atelier du Frioul, et incarne identit\u00e9, style et durabilit\u00e9. D\u00e9couvrez toutes les collections et trouvez l&#8217;inspiration pour donner vie \u00e0 des projets d&#8217;ext\u00e9rieur con\u00e7us pour \u00eatre v\u00e9cus.[\/vc_column_text][\/vc_column][vc_column width=&#8221;1\/6&#8243;][\/vc_column][\/vc_row]<\/div>","protected":false},"excerpt":{"rendered":"<p>[vc_row][vc_column][vc_empty_space][vc_column_text css=&#8221;&#8221;] Trois collections qui racontent qui nous sommes aujourd&#8217;hui [\/vc_column_text][vc_column_text css=&#8221;&#8221;] Nous \u00e9voluons. Nos collections racontent qui nous sommes aujourd&#8217;hui et comment nous interpr\u00e9tons l&#8217;ext\u00e9rieur \u00e0 travers des objets qui allient lumi\u00e8re, son et pierre en harmonie avec l&#8217;architecture&hellip;<\/p>\n<p> <a class=\"more-link\" href=\"https:\/\/essenzediluce.com\/fr\/trois-nouvelles-collections\/\">Lire la suite<\/a><\/p>\n","protected":false},"author":13,"featured_media":22428,"comment_status":"closed","ping_status":"closed","sticky":false,"template":"","format":"standard","meta":{"footnotes":""},"categories":[90],"tags":[],"class_list":{"0":"post-23001","1":"post","2":"type-post","3":"status-publish","4":"format-standard","5":"has-post-thumbnail","7":"category-non-classifiee"},"yoast_head":"<!-- This site is optimized with the Yoast SEO plugin v24.5 - https:\/\/yoast.com\/wordpress\/plugins\/seo\/ -->\n<title>Trois collections qui racontent qui nous sommes aujourd&#039;hui - Essenze di Luce<\/title>\n<meta name=\"robots\" content=\"index, follow, max-snippet:-1, max-image-preview:large, max-video-preview:-1\" \/>\n<link rel=\"canonical\" href=\"https:\/\/essenzediluce.com\/fr\/trois-nouvelles-collections\/\" \/>\n<meta property=\"og:locale\" content=\"fr_FR\" \/>\n<meta property=\"og:type\" content=\"article\" \/>\n<meta property=\"og:title\" content=\"Trois collections qui racontent qui nous sommes aujourd&#039;hui - Essenze di Luce\" \/>\n<meta property=\"og:description\" content=\"[vc_row][vc_column][vc_empty_space][vc_column_text css=&#8221;&#8221;] Trois collections qui racontent qui nous sommes aujourd&#8217;hui [\/vc_column_text][vc_column_text css=&#8221;&#8221;] Nous \u00e9voluons. Nos collections racontent qui nous sommes aujourd&#8217;hui et comment nous interpr\u00e9tons l&#8217;ext\u00e9rieur \u00e0 travers des objets qui allient lumi\u00e8re, son et pierre en harmonie avec l&#8217;architecture&hellip;  Lire la suite\" \/>\n<meta property=\"og:url\" content=\"https:\/\/essenzediluce.com\/fr\/trois-nouvelles-collections\/\" \/>\n<meta property=\"og:site_name\" content=\"Essenze di Luce\" \/>\n<meta property=\"article:publisher\" content=\"https:\/\/www.facebook.com\/essenzediluce.italy\/\" \/>\n<meta property=\"article:published_time\" content=\"2026-01-27T07:34:15+00:00\" \/>\n<meta property=\"article:modified_time\" content=\"2026-01-27T08:04:54+00:00\" \/>\n<meta property=\"og:image\" content=\"https:\/\/essenzediluce.com\/wp-content\/uploads\/2025\/11\/Collezione-Essenziale.png\" \/>\n\t<meta property=\"og:image:width\" content=\"800\" \/>\n\t<meta property=\"og:image:height\" content=\"800\" \/>\n\t<meta property=\"og:image:type\" content=\"image\/png\" \/>\n<meta name=\"author\" content=\"Stefania Andreatta\" \/>\n<meta name=\"twitter:card\" content=\"summary_large_image\" \/>\n<meta name=\"twitter:label1\" content=\"\u00c9crit par\" \/>\n\t<meta name=\"twitter:data1\" content=\"Stefania Andreatta\" \/>\n\t<meta name=\"twitter:label2\" content=\"Dur\u00e9e de lecture estim\u00e9e\" \/>\n\t<meta name=\"twitter:data2\" content=\"3 minutes\" \/>\n<script type=\"application\/ld+json\" class=\"yoast-schema-graph\">{\"@context\":\"https:\/\/schema.org\",\"@graph\":[{\"@type\":\"Article\",\"@id\":\"https:\/\/essenzediluce.com\/fr\/trois-nouvelles-collections\/#article\",\"isPartOf\":{\"@id\":\"https:\/\/essenzediluce.com\/fr\/trois-nouvelles-collections\/\"},\"author\":{\"name\":\"Stefania Andreatta\",\"@id\":\"https:\/\/essenzediluce.com\/#\/schema\/person\/e3c19a9a93f302e69f18bc59ee57e9ae\"},\"headline\":\"Trois collections qui racontent qui nous sommes aujourd&#8217;hui\",\"datePublished\":\"2026-01-27T07:34:15+00:00\",\"dateModified\":\"2026-01-27T08:04:54+00:00\",\"mainEntityOfPage\":{\"@id\":\"https:\/\/essenzediluce.com\/fr\/trois-nouvelles-collections\/\"},\"wordCount\":751,\"publisher\":{\"@id\":\"https:\/\/essenzediluce.com\/#organization\"},\"image\":{\"@id\":\"https:\/\/essenzediluce.com\/fr\/trois-nouvelles-collections\/#primaryimage\"},\"thumbnailUrl\":\"https:\/\/essenzediluce.com\/wp-content\/uploads\/2025\/11\/Collezione-Essenziale.png\",\"articleSection\":[\"Non classifi\u00e9(e)\"],\"inLanguage\":\"fr-FR\"},{\"@type\":\"WebPage\",\"@id\":\"https:\/\/essenzediluce.com\/fr\/trois-nouvelles-collections\/\",\"url\":\"https:\/\/essenzediluce.com\/fr\/trois-nouvelles-collections\/\",\"name\":\"Trois collections qui racontent qui nous sommes aujourd'hui - Essenze di Luce\",\"isPartOf\":{\"@id\":\"https:\/\/essenzediluce.com\/#website\"},\"primaryImageOfPage\":{\"@id\":\"https:\/\/essenzediluce.com\/fr\/trois-nouvelles-collections\/#primaryimage\"},\"image\":{\"@id\":\"https:\/\/essenzediluce.com\/fr\/trois-nouvelles-collections\/#primaryimage\"},\"thumbnailUrl\":\"https:\/\/essenzediluce.com\/wp-content\/uploads\/2025\/11\/Collezione-Essenziale.png\",\"datePublished\":\"2026-01-27T07:34:15+00:00\",\"dateModified\":\"2026-01-27T08:04:54+00:00\",\"breadcrumb\":{\"@id\":\"https:\/\/essenzediluce.com\/fr\/trois-nouvelles-collections\/#breadcrumb\"},\"inLanguage\":\"fr-FR\",\"potentialAction\":[{\"@type\":\"ReadAction\",\"target\":[\"https:\/\/essenzediluce.com\/fr\/trois-nouvelles-collections\/\"]}]},{\"@type\":\"ImageObject\",\"inLanguage\":\"fr-FR\",\"@id\":\"https:\/\/essenzediluce.com\/fr\/trois-nouvelles-collections\/#primaryimage\",\"url\":\"https:\/\/essenzediluce.com\/wp-content\/uploads\/2025\/11\/Collezione-Essenziale.png\",\"contentUrl\":\"https:\/\/essenzediluce.com\/wp-content\/uploads\/2025\/11\/Collezione-Essenziale.png\",\"width\":800,\"height\":800,\"caption\":\"Lampade outdoor - luce potente design elegant per esterno\"},{\"@type\":\"BreadcrumbList\",\"@id\":\"https:\/\/essenzediluce.com\/fr\/trois-nouvelles-collections\/#breadcrumb\",\"itemListElement\":[{\"@type\":\"ListItem\",\"position\":1,\"name\":\"Home\",\"item\":\"https:\/\/essenzediluce.com\/fr\/\"},{\"@type\":\"ListItem\",\"position\":2,\"name\":\"Trois collections qui racontent qui nous sommes aujourd&#8217;hui\"}]},{\"@type\":\"WebSite\",\"@id\":\"https:\/\/essenzediluce.com\/#website\",\"url\":\"https:\/\/essenzediluce.com\/\",\"name\":\"Essenze di Luce\",\"description\":\"\",\"publisher\":{\"@id\":\"https:\/\/essenzediluce.com\/#organization\"},\"potentialAction\":[{\"@type\":\"SearchAction\",\"target\":{\"@type\":\"EntryPoint\",\"urlTemplate\":\"https:\/\/essenzediluce.com\/?s={search_term_string}\"},\"query-input\":{\"@type\":\"PropertyValueSpecification\",\"valueRequired\":true,\"valueName\":\"search_term_string\"}}],\"inLanguage\":\"fr-FR\"},{\"@type\":\"Organization\",\"@id\":\"https:\/\/essenzediluce.com\/#organization\",\"name\":\"Essenze di Luce\",\"url\":\"https:\/\/essenzediluce.com\/\",\"logo\":{\"@type\":\"ImageObject\",\"inLanguage\":\"fr-FR\",\"@id\":\"https:\/\/essenzediluce.com\/#\/schema\/logo\/image\/\",\"url\":\"https:\/\/essenzediluce.com\/wp-content\/uploads\/2017\/03\/el.jpg\",\"contentUrl\":\"https:\/\/essenzediluce.com\/wp-content\/uploads\/2017\/03\/el.jpg\",\"width\":512,\"height\":512,\"caption\":\"Essenze di Luce\"},\"image\":{\"@id\":\"https:\/\/essenzediluce.com\/#\/schema\/logo\/image\/\"},\"sameAs\":[\"https:\/\/www.facebook.com\/essenzediluce.italy\/\",\"https:\/\/www.instagram.com\/essenzediluce\/\",\"https:\/\/www.youtube.com\/channel\/UCXKJKPfUYADaJMEm_9NAvrA\"]},{\"@type\":\"Person\",\"@id\":\"https:\/\/essenzediluce.com\/#\/schema\/person\/e3c19a9a93f302e69f18bc59ee57e9ae\",\"name\":\"Stefania Andreatta\",\"image\":{\"@type\":\"ImageObject\",\"inLanguage\":\"fr-FR\",\"@id\":\"https:\/\/essenzediluce.com\/#\/schema\/person\/image\/\",\"url\":\"https:\/\/secure.gravatar.com\/avatar\/fc42118b2b31bd93bebf0178bd06ff25?s=96&d=mm&r=g\",\"contentUrl\":\"https:\/\/secure.gravatar.com\/avatar\/fc42118b2b31bd93bebf0178bd06ff25?s=96&d=mm&r=g\",\"caption\":\"Stefania Andreatta\"},\"url\":\"https:\/\/essenzediluce.com\/fr\/author\/marketing_essenzediluce\/\"}]}<\/script>\n<!-- \/ Yoast SEO plugin. -->","yoast_head_json":{"title":"Trois collections qui racontent qui nous sommes aujourd'hui - Essenze di Luce","robots":{"index":"index","follow":"follow","max-snippet":"max-snippet:-1","max-image-preview":"max-image-preview:large","max-video-preview":"max-video-preview:-1"},"canonical":"https:\/\/essenzediluce.com\/fr\/trois-nouvelles-collections\/","og_locale":"fr_FR","og_type":"article","og_title":"Trois collections qui racontent qui nous sommes aujourd'hui - Essenze di Luce","og_description":"[vc_row][vc_column][vc_empty_space][vc_column_text css=&#8221;&#8221;] Trois collections qui racontent qui nous sommes aujourd&#8217;hui [\/vc_column_text][vc_column_text css=&#8221;&#8221;] Nous \u00e9voluons. Nos collections racontent qui nous sommes aujourd&#8217;hui et comment nous interpr\u00e9tons l&#8217;ext\u00e9rieur \u00e0 travers des objets qui allient lumi\u00e8re, son et pierre en harmonie avec l&#8217;architecture&hellip;  Lire la suite","og_url":"https:\/\/essenzediluce.com\/fr\/trois-nouvelles-collections\/","og_site_name":"Essenze di Luce","article_publisher":"https:\/\/www.facebook.com\/essenzediluce.italy\/","article_published_time":"2026-01-27T07:34:15+00:00","article_modified_time":"2026-01-27T08:04:54+00:00","og_image":[{"width":800,"height":800,"url":"https:\/\/essenzediluce.com\/wp-content\/uploads\/2025\/11\/Collezione-Essenziale.png","type":"image\/png"}],"author":"Stefania Andreatta","twitter_card":"summary_large_image","twitter_misc":{"\u00c9crit par":"Stefania Andreatta","Dur\u00e9e de lecture estim\u00e9e":"3 minutes"},"schema":{"@context":"https:\/\/schema.org","@graph":[{"@type":"Article","@id":"https:\/\/essenzediluce.com\/fr\/trois-nouvelles-collections\/#article","isPartOf":{"@id":"https:\/\/essenzediluce.com\/fr\/trois-nouvelles-collections\/"},"author":{"name":"Stefania Andreatta","@id":"https:\/\/essenzediluce.com\/#\/schema\/person\/e3c19a9a93f302e69f18bc59ee57e9ae"},"headline":"Trois collections qui racontent qui nous sommes aujourd&#8217;hui","datePublished":"2026-01-27T07:34:15+00:00","dateModified":"2026-01-27T08:04:54+00:00","mainEntityOfPage":{"@id":"https:\/\/essenzediluce.com\/fr\/trois-nouvelles-collections\/"},"wordCount":751,"publisher":{"@id":"https:\/\/essenzediluce.com\/#organization"},"image":{"@id":"https:\/\/essenzediluce.com\/fr\/trois-nouvelles-collections\/#primaryimage"},"thumbnailUrl":"https:\/\/essenzediluce.com\/wp-content\/uploads\/2025\/11\/Collezione-Essenziale.png","articleSection":["Non classifi\u00e9(e)"],"inLanguage":"fr-FR"},{"@type":"WebPage","@id":"https:\/\/essenzediluce.com\/fr\/trois-nouvelles-collections\/","url":"https:\/\/essenzediluce.com\/fr\/trois-nouvelles-collections\/","name":"Trois collections qui racontent qui nous sommes aujourd'hui - Essenze di Luce","isPartOf":{"@id":"https:\/\/essenzediluce.com\/#website"},"primaryImageOfPage":{"@id":"https:\/\/essenzediluce.com\/fr\/trois-nouvelles-collections\/#primaryimage"},"image":{"@id":"https:\/\/essenzediluce.com\/fr\/trois-nouvelles-collections\/#primaryimage"},"thumbnailUrl":"https:\/\/essenzediluce.com\/wp-content\/uploads\/2025\/11\/Collezione-Essenziale.png","datePublished":"2026-01-27T07:34:15+00:00","dateModified":"2026-01-27T08:04:54+00:00","breadcrumb":{"@id":"https:\/\/essenzediluce.com\/fr\/trois-nouvelles-collections\/#breadcrumb"},"inLanguage":"fr-FR","potentialAction":[{"@type":"ReadAction","target":["https:\/\/essenzediluce.com\/fr\/trois-nouvelles-collections\/"]}]},{"@type":"ImageObject","inLanguage":"fr-FR","@id":"https:\/\/essenzediluce.com\/fr\/trois-nouvelles-collections\/#primaryimage","url":"https:\/\/essenzediluce.com\/wp-content\/uploads\/2025\/11\/Collezione-Essenziale.png","contentUrl":"https:\/\/essenzediluce.com\/wp-content\/uploads\/2025\/11\/Collezione-Essenziale.png","width":800,"height":800,"caption":"Lampade outdoor - luce potente design elegant per esterno"},{"@type":"BreadcrumbList","@id":"https:\/\/essenzediluce.com\/fr\/trois-nouvelles-collections\/#breadcrumb","itemListElement":[{"@type":"ListItem","position":1,"name":"Home","item":"https:\/\/essenzediluce.com\/fr\/"},{"@type":"ListItem","position":2,"name":"Trois collections qui racontent qui nous sommes aujourd&#8217;hui"}]},{"@type":"WebSite","@id":"https:\/\/essenzediluce.com\/#website","url":"https:\/\/essenzediluce.com\/","name":"Essenze di Luce","description":"","publisher":{"@id":"https:\/\/essenzediluce.com\/#organization"},"potentialAction":[{"@type":"SearchAction","target":{"@type":"EntryPoint","urlTemplate":"https:\/\/essenzediluce.com\/?s={search_term_string}"},"query-input":{"@type":"PropertyValueSpecification","valueRequired":true,"valueName":"search_term_string"}}],"inLanguage":"fr-FR"},{"@type":"Organization","@id":"https:\/\/essenzediluce.com\/#organization","name":"Essenze di Luce","url":"https:\/\/essenzediluce.com\/","logo":{"@type":"ImageObject","inLanguage":"fr-FR","@id":"https:\/\/essenzediluce.com\/#\/schema\/logo\/image\/","url":"https:\/\/essenzediluce.com\/wp-content\/uploads\/2017\/03\/el.jpg","contentUrl":"https:\/\/essenzediluce.com\/wp-content\/uploads\/2017\/03\/el.jpg","width":512,"height":512,"caption":"Essenze di Luce"},"image":{"@id":"https:\/\/essenzediluce.com\/#\/schema\/logo\/image\/"},"sameAs":["https:\/\/www.facebook.com\/essenzediluce.italy\/","https:\/\/www.instagram.com\/essenzediluce\/","https:\/\/www.youtube.com\/channel\/UCXKJKPfUYADaJMEm_9NAvrA"]},{"@type":"Person","@id":"https:\/\/essenzediluce.com\/#\/schema\/person\/e3c19a9a93f302e69f18bc59ee57e9ae","name":"Stefania Andreatta","image":{"@type":"ImageObject","inLanguage":"fr-FR","@id":"https:\/\/essenzediluce.com\/#\/schema\/person\/image\/","url":"https:\/\/secure.gravatar.com\/avatar\/fc42118b2b31bd93bebf0178bd06ff25?s=96&d=mm&r=g","contentUrl":"https:\/\/secure.gravatar.com\/avatar\/fc42118b2b31bd93bebf0178bd06ff25?s=96&d=mm&r=g","caption":"Stefania Andreatta"},"url":"https:\/\/essenzediluce.com\/fr\/author\/marketing_essenzediluce\/"}]}},"_links":{"self":[{"href":"https:\/\/essenzediluce.com\/fr\/wp-json\/wp\/v2\/posts\/23001"}],"collection":[{"href":"https:\/\/essenzediluce.com\/fr\/wp-json\/wp\/v2\/posts"}],"about":[{"href":"https:\/\/essenzediluce.com\/fr\/wp-json\/wp\/v2\/types\/post"}],"author":[{"embeddable":true,"href":"https:\/\/essenzediluce.com\/fr\/wp-json\/wp\/v2\/users\/13"}],"replies":[{"embeddable":true,"href":"https:\/\/essenzediluce.com\/fr\/wp-json\/wp\/v2\/comments?post=23001"}],"version-history":[{"count":7,"href":"https:\/\/essenzediluce.com\/fr\/wp-json\/wp\/v2\/posts\/23001\/revisions"}],"predecessor-version":[{"id":23075,"href":"https:\/\/essenzediluce.com\/fr\/wp-json\/wp\/v2\/posts\/23001\/revisions\/23075"}],"wp:featuredmedia":[{"embeddable":true,"href":"https:\/\/essenzediluce.com\/fr\/wp-json\/wp\/v2\/media\/22428"}],"wp:attachment":[{"href":"https:\/\/essenzediluce.com\/fr\/wp-json\/wp\/v2\/media?parent=23001"}],"wp:term":[{"taxonomy":"category","embeddable":true,"href":"https:\/\/essenzediluce.com\/fr\/wp-json\/wp\/v2\/categories?post=23001"},{"taxonomy":"post_tag","embeddable":true,"href":"https:\/\/essenzediluce.com\/fr\/wp-json\/wp\/v2\/tags?post=23001"}],"curies":[{"name":"wp","href":"https:\/\/api.w.org\/{rel}","templated":true}]}}